{"id":9331,"date":"2020-06-24T10:54:00","date_gmt":"2020-06-24T10:54:00","guid":{"rendered":"https:\/\/angling.webdev.is\/?p=9331"},"modified":"2021-02-08T17:58:52","modified_gmt":"2021-02-08T17:58:52","slug":"ny-skyrsla-vegna-covid19","status":"publish","type":"post","link":"https:\/\/angling.is\/en\/ny-skyrsla-vegna-covid19\/","title":{"rendered":"N\u00fd sk\u00fdrsla vegna COVID19"},"content":{"rendered":"<p>Landssamband vei\u00f0if\u00e9laga hefur gefi\u00f0 \u00fat n\u00fdja sk\u00fdrslu vegna&nbsp;COVID-19. Einu breytingarnar sem hafa veri\u00f0 ger\u00f0ar a\u00f0 \u00feessu sinni var\u00f0a fer\u00f0al\u00f6g sem eiga uppruna sinn utan Schengen (EU\/EEA, EFTA, UK).&nbsp;Sk\u00fdrsluna er h\u00e6gt a\u00f0 n\u00e1lgast h\u00e9r: linkur<\/p>\n\n\n\n<ul><li>N\u00fdrri m\u00e1lsgrein var b\u00e6tt \u00ed kaflann Summary.<\/li><li>N\u00fdjum kafla var b\u00e6tt vi\u00f0 \u00e1 bls. 8: Official Travel Restrictions.<\/li><\/ul>\n\n\n\n<p>Til sko\u00f0unar er hj\u00e1 stofn\u00adun\u00adum Evr\u00ad\u00f3pu\u00adsam\u00adbands\u00adins a\u00f0 heim\u00adila Banda\u00adr\u00edkja\u00adm\u00f6nn\u00adum, og \u00edb\u00fa\u00adum annarra r\u00edkja sem ekki \u00feykja hafa n\u00e1\u00f0 t\u00f6k\u00adum \u00e1 k\u00f3r\u00ad\u00f3nu\u00adveirufar\u00adaldr\u00adin\u00adum,&nbsp;<strong><u>ekki<\/u><\/strong>&nbsp;a\u00f0 fer\u00f0ast til Evr\u00ad\u00f3pu\u00adsam\u00adbands\u00adins er ytri landa\u00adm\u00e6ri \u00feess ver\u00f0a opnu\u00f0 a\u00f0 n\u00fdju 1. j\u00fal\u00ed.&nbsp;\u00cd dr\u00f6g\u00adum a\u00f0 n\u00fdj\u00adum regl\u00adum, sem&nbsp;<a href=\"https:\/\/www.nytimes.com\/2020\/06\/23\/world\/europe\/coronavirus-EU-American-travel-ban.html?action=click&amp;module=Top%20Stories&amp;pgtype=Homepage\" target=\"_blank\" rel=\"noreferrer noopener\">NY Times<\/a>&nbsp;hef\u00adur und\u00adir h\u00f6nd\u00adum, eru Banda\u00adr\u00edk\u00adin \u00e1 lista \u00e1samt R\u00fasslandi og Bras\u00adil\u00ad\u00edu yfir \u00feau r\u00edki sem ekki telst \u00f6r\u00aduggt a\u00f0 opna \u00e1 fer\u00f0al\u00f6g fr\u00e1.&nbsp;\u00d3v\u00edst er hver \u00e1hrif regln\u00adanna yr\u00f0u \u00e1 fer\u00f0ir til \u00cdslands og annarra Schengen-r\u00edkja sem ekki eru \u00ed ESB.<\/p>\n\n\n\n<p><a href=\"\/en\/wp-content\/uploads\/2020\/06\/200624-COVID19-REPORT.pdf\/\" target=\"_blank\" rel=\"noreferrer noopener\">H\u00e9r er n\u00fdi kaflinn \u00ed heild sinni sem s\u00e9rst\u00f6k athygli er vakin \u00e1.<\/a><\/p>","protected":false},"excerpt":{"rendered":"<p>Landssamband vei\u00f0if\u00e9laga hefur gefi\u00f0 \u00fat n\u00fdja sk\u00fdrslu vegna&nbsp;COVID-19. Einu breytingarnar sem hafa veri\u00f0 ger\u00f0ar a\u00f0 \u00feessu sinni var\u00f0a fer\u00f0al\u00f6g sem eiga uppruna sinn utan Schengen (EU\/EEA, EFTA, UK).&nbsp;Sk\u00fdrsluna er h\u00e6gt a\u00f0 n\u00e1lgast h\u00e9r: linkur N\u00fdrri m\u00e1lsgrein var b\u00e6tt \u00ed kaflann Summary. N\u00fdjum kafla var b\u00e6tt vi\u00f0 \u00e1 bls. 8: Official Travel Restrictions. Til sko\u00f0unar er [&hellip;]<\/p>","protected":false},"author":1,"featured_media":0,"comment_status":"closed","ping_status":"open","sticky":false,"template":"","format":"standard","meta":{"om_disable_all_campaigns":false,"_mi_skip_tracking":false},"categories":[8],"tags":[],"_links":{"self":[{"href":"https:\/\/angling.is\/en\/wp-json\/wp\/v2\/posts\/9331"}],"collection":[{"href":"https:\/\/angling.is\/en\/wp-json\/wp\/v2\/posts"}],"about":[{"href":"https:\/\/angling.is\/en\/wp-json\/wp\/v2\/types\/post"}],"author":[{"embeddable":true,"href":"https:\/\/angling.is\/en\/wp-json\/wp\/v2\/users\/1"}],"replies":[{"embeddable":true,"href":"https:\/\/angling.is\/en\/wp-json\/wp\/v2\/comments?post=9331"}],"version-history":[{"count":1,"href":"https:\/\/angling.is\/en\/wp-json\/wp\/v2\/posts\/9331\/revisions"}],"predecessor-version":[{"id":10837,"href":"https:\/\/angling.is\/en\/wp-json\/wp\/v2\/posts\/9331\/revisions\/10837"}],"wp:attachment":[{"href":"https:\/\/angling.is\/en\/wp-json\/wp\/v2\/media?parent=9331"}],"wp:term":[{"taxonomy":"category","embeddable":true,"href":"https:\/\/angling.is\/en\/wp-json\/wp\/v2\/categories?post=9331"},{"taxonomy":"post_tag","embeddable":true,"href":"https:\/\/angling.is\/en\/wp-json\/wp\/v2\/tags?post=9331"}],"curies":[{"name":"wp","href":"https:\/\/api.w.org\/{rel}","templated":true}]}}