{"id":8575,"date":"2020-06-04T11:58:32","date_gmt":"2020-06-04T11:58:32","guid":{"rendered":"https:\/\/angling.webdev.is\/?p=8575"},"modified":"2021-02-08T17:58:52","modified_gmt":"2021-02-08T17:58:52","slug":"alyktun-lifrikid-i-lagarfljoti-2013","status":"publish","type":"post","link":"https:\/\/angling.is\/en\/alyktun-lifrikid-i-lagarfljoti-2013\/","title":{"rendered":"\u00c1lyktun, L\u00edfr\u00edki\u00f0 \u00ed Lagarflj\u00f3ti. 2013"},"content":{"rendered":"<p><strong>L\u00edfr\u00edki\u00f0 \u00ed Lagarflj\u00f3ti.<br><\/strong>\u00c1lyktun stj\u00f3rnar Landssambands vei\u00f0if\u00e9laga<br>Eftir a\u00f0 K\u00e1rahnj\u00fakavirkjun var ger\u00f0 og vatni J\u00f6kuls\u00e1r \u00e1 Dal veitt \u00ed Lagarflj\u00f3t hafa komi\u00f0 fram meiri \u00e1hrif af vatnaflutningunum heldur en tali\u00f0 var \u00ed upphafi. Mikill\/aukinn aurbur\u00f0ur gerir Flj\u00f3ti\u00f0 \u00f3hreinna og kaldara me\u00f0 tilheyrandi \u00e1hrifum \u00e1 l\u00edfr\u00edki\u00f0. Fiskgengd hefur hraka\u00f0 \u00ed Flj\u00f3tinu og skilar s\u00e9r verr \u00ed \u00fever\u00e1r sem \u00e1\u00f0ur voru me\u00f0 allg\u00f3\u00f0a vei\u00f0i. Landssamband vei\u00f0if\u00e9laga beinir \u00fev\u00ed til Landsvirkjunar a\u00f0 koma n\u00fa \u00feegar til m\u00f3ts vi\u00f0 landeigendur vegna \u00feess tj\u00f3ns sem \u00feegar er or\u00f0i\u00f0, jafnframt \u00fev\u00ed a\u00f0 vinna me\u00f0 heimam\u00f6nnum a\u00f0 uppbyggingu fiskistofna \u00e1 vatnasv\u00e6\u00f0inu. Landssamband vei\u00f0if\u00e9laga leggur r\u00edka \u00e1herslu \u00e1 h\u00f3fsama umgengni um l\u00edfr\u00edki \u00ed \u00e1m og v\u00f6tnum, ekki hva\u00f0 s\u00edst \u00feegar um n\u00fdtingu \u00e1 vatnsorku er a\u00f0 r\u00e6\u00f0a.<br><strong>Stj\u00f3rn Landssambands vei\u00f0if\u00e9laga, 22. mars 2013<\/strong><\/p>","protected":false},"excerpt":{"rendered":"<p>L\u00edfr\u00edki\u00f0 \u00ed Lagarflj\u00f3ti.\u00c1lyktun stj\u00f3rnar Landssambands vei\u00f0if\u00e9lagaEftir a\u00f0 K\u00e1rahnj\u00fakavirkjun var ger\u00f0 og vatni J\u00f6kuls\u00e1r \u00e1 Dal veitt \u00ed Lagarflj\u00f3t hafa komi\u00f0 fram meiri \u00e1hrif af vatnaflutningunum heldur en tali\u00f0 var \u00ed upphafi. Mikill\/aukinn aurbur\u00f0ur gerir Flj\u00f3ti\u00f0 \u00f3hreinna og kaldara me\u00f0 tilheyrandi \u00e1hrifum \u00e1 l\u00edfr\u00edki\u00f0. Fiskgengd hefur hraka\u00f0 \u00ed Flj\u00f3tinu og skilar s\u00e9r verr \u00ed \u00fever\u00e1r sem [&hellip;]<\/p>","protected":false},"author":1,"featured_media":0,"comment_status":"closed","ping_status":"open","sticky":false,"template":"","format":"standard","meta":{"om_disable_all_campaigns":false,"_mi_skip_tracking":false},"categories":[9],"tags":[],"_links":{"self":[{"href":"https:\/\/angling.is\/en\/wp-json\/wp\/v2\/posts\/8575"}],"collection":[{"href":"https:\/\/angling.is\/en\/wp-json\/wp\/v2\/posts"}],"about":[{"href":"https:\/\/angling.is\/en\/wp-json\/wp\/v2\/types\/post"}],"author":[{"embeddable":true,"href":"https:\/\/angling.is\/en\/wp-json\/wp\/v2\/users\/1"}],"replies":[{"embeddable":true,"href":"https:\/\/angling.is\/en\/wp-json\/wp\/v2\/comments?post=8575"}],"version-history":[{"count":1,"href":"https:\/\/angling.is\/en\/wp-json\/wp\/v2\/posts\/8575\/revisions"}],"predecessor-version":[{"id":10844,"href":"https:\/\/angling.is\/en\/wp-json\/wp\/v2\/posts\/8575\/revisions\/10844"}],"wp:attachment":[{"href":"https:\/\/angling.is\/en\/wp-json\/wp\/v2\/media?parent=8575"}],"wp:term":[{"taxonomy":"category","embeddable":true,"href":"https:\/\/angling.is\/en\/wp-json\/wp\/v2\/categories?post=8575"},{"taxonomy":"post_tag","embeddable":true,"href":"https:\/\/angling.is\/en\/wp-json\/wp\/v2\/tags?post=8575"}],"curies":[{"name":"wp","href":"https:\/\/api.w.org\/{rel}","templated":true}]}}