{"id":12148,"date":"2024-03-15T08:38:11","date_gmt":"2024-03-15T08:38:11","guid":{"rendered":"https:\/\/angling.is\/?p=12148"},"modified":"2024-03-15T08:42:20","modified_gmt":"2024-03-15T08:42:20","slug":"fundarbod-adalfundar-lv-2024","status":"publish","type":"post","link":"https:\/\/angling.is\/en\/fundarbod-adalfundar-lv-2024\/","title":{"rendered":"Fundarbo\u00f0 a\u00f0alfundar LV 2024"},"content":{"rendered":"<p>A\u00f0alfundur Landssambands vei\u00f0if\u00e9laga (LV) ver\u00f0ur haldinn 19. og 20. apr\u00edl 2024, a\u00f0 H\u00f3tel H\u00fasafelli, og hefst dagskr\u00e1 kl. 11:30 f\u00f6studaginn 19. apr\u00edl.<\/p>\n\n\n\n<p><strong>\u00de\u00e1tttaka \u00e1 a\u00f0alfundi<\/strong><\/p>\n\n\n\n<p>Samkv\u00e6mt 5. gr. sam\u00feykkta LV hefur hvert a\u00f0ildarf\u00e9lag r\u00e9tt til a\u00f0 senda einn fulltr\u00faa \u00e1 a\u00f0alfundinn fyrir hverja 40 f\u00e9laga e\u00f0a f\u00e6rri og einn fyrir brot af \u00feeirri t\u00f6lu, sem umfram er. Hefur hver fulltr\u00fai eitt atkv\u00e6\u00f0i \u00e1 fundinum.<\/p>\n\n\n\n<p>\u00d3ska\u00f0 er eftir \u00fev\u00ed a\u00f0 a\u00f0ildarf\u00e9l\u00f6g sendi framkv\u00e6mdastj\u00f3ra LV tilkynningu um \u00fe\u00e1ttt\u00f6ku \u00e1 a\u00f0alfundinum eigi s\u00ed\u00f0ar en 1. apr\u00edl nk. Vinsamlegast sendi\u00f0 tilkynninguna \u00e1 netfangi\u00f0 gunnar@angling.is.<\/p>\n\n\n\n<p>\u00d3ska\u00f0 er eftir \u00fev\u00ed a\u00f0 sendar ver\u00f0i uppl\u00fdsingar um ne\u00f0angreint:<\/p>\n\n\n\n<ol><li>Nafn vei\u00f0if\u00e9lags.<\/li><li>N\u00f6fn og kennit\u00f6lur fulltr\u00faa.<\/li><li>Hversu m\u00f6rg herbergi vei\u00f0if\u00e9lag \u00fearf.<\/li><\/ol>\n\n\n\n<ul><li>H\u00e6gt er a\u00f0 gista \u00ed eins e\u00f0a tveggja manna herbergjum.<\/li><li>Gert er r\u00e1\u00f0 fyrir gistingu eina n\u00f3tt (19. apr\u00edl) nema annars s\u00e9 s\u00e9rstaklega \u00f3ska\u00f0.<\/li><li>Gera \u00fearf grein fyrir s\u00e9r\u00f3skum \u00ed mat (ofn\u00e6mi, vegan o.fl.).<\/li><\/ul>\n\n\n\n<p><strong>Kostna\u00f0ur<\/strong><\/p>\n\n\n\n<p>Fulltr\u00faar grei\u00f0a beinan kostna\u00f0 vi\u00f0 mat og gistingu en LV grei\u00f0ir annan kostna\u00f0 vi\u00f0 fundinn. Sami kostna\u00f0ur er \u00e1 fulltr\u00faa og maka.<\/p>\n\n\n\n<p>Kostna\u00f0ur \u00e1 mann \u00ed eins manns herbergi me\u00f0 fj\u00f3rum m\u00e1lt\u00ed\u00f0um: 44.890 kr.<br>Kostna\u00f0ur \u00e1 mann \u00ed tveggja manna herb. me\u00f0 fj\u00f3rum m\u00e1lt\u00ed\u00f0um: 34.390 kr.<br>Kostna\u00f0ur \u00e1 mann \u00e1n gistingar me\u00f0 fj\u00f3rum m\u00e1lt\u00ed\u00f0um: 20.890 kr.<\/p>\n\n\n\n<p>\u2003<br><strong>Dagskr\u00e1 fundar<\/strong><\/p>\n\n\n\n<p><strong>F\u00f6studagur 19. apr\u00edl kl. 11:30-17:00<\/strong><\/p>\n\n\n\n<ol><li>H\u00e1degisver\u00f0ur.<\/li><li>Setning fundar um kl. 12:30.<\/li><li>Kj\u00f6r fundarstj\u00f3ra og fundarritara.<\/li><li>Kosning kj\u00f6rbr\u00e9fanefndar.<\/li><li>\u00c1v\u00f6rp gesta.<\/li><li>\u00c1varp formanns og sk\u00fdrsla stj\u00f3rnar LV.<\/li><li>\u00c1rsreikningur 2023 lag\u00f0ur fram til sta\u00f0festingar.<\/li><li>Hl\u00e9 vegna vinnu kj\u00f6rbr\u00e9fanefndar.<\/li><li>\u00c1lit kj\u00f6rbr\u00e9fanefndar.<\/li><li>Tillaga um breytingar \u00e1 sam\u00feykkt Landssambands vei\u00f0if\u00e9laga. Fyrir liggur tillaga stj\u00f3rnar LV um breytingar \u00e1 sam\u00feykktinni og fylgir h\u00fan fundarbo\u00f0i \u00feessu. Tillagan er a\u00f0gengileg me\u00f0 \u00fev\u00ed a\u00f0 smella <a href=\"https:\/\/angling.is\/wp-content\/uploads\/2024\/03\/Tillaga-um-breytingu-a\u0301-samthykkt-LV-2024.pdf\" class=\"rank-math-link\">h\u00e9r<\/a>.<\/li><li>Umr\u00e6\u00f0ur um sk\u00fdrslu formanns og afgrei\u00f0sla reikninga.<\/li><li>Erindi gestafyrirlesara. Gu\u00f0ni Gu\u00f0bergsson, svi\u00f0sstj\u00f3ri hj\u00e1 Hafranns\u00f3knastofnun: <em>Laxfiskar og sj\u00e1lfb\u00e6r n\u00fdting.<\/em><\/li><li>Skipan starfsnefnda a\u00f0alfundar.<\/li><li>Dr\u00f6g a\u00f0 \u00e1lyktunum fundarins kynnt og \u00feeim v\u00edsa\u00f0 til nefnda.<\/li><li>Till\u00f6gur a\u00f0ildarf\u00e9laga, sbr. 2. mgr. 4. gr. sam\u00feykktar LV.<\/li><li>Fundi fresta\u00f0 um kl. 16:00, nefndarst\u00f6rf.<\/li><\/ol>\n\n\n\n<p><strong>Laugardagur 20. apr\u00edl kl. 10:00-12:00<\/strong><\/p>\n\n\n\n<ol start=\"17\"><li>Nefndir skila \u00e1liti. Umr\u00e6\u00f0ur.<\/li><li>\u00c1lyktanir afgreiddar.<\/li><li>Stj\u00f3rnarkj\u00f6r. Kj\u00f6r formanns stj\u00f3rnar.<\/li><li>Kj\u00f6r sko\u00f0unarmanna reikninga. A\u00f0alma\u00f0ur og varama\u00f0ur til tveggja \u00e1ra.<\/li><li>\u00d6nnur m\u00e1l.<\/li><li>Fundarslit.<\/li><\/ol>\n\n\n\n<p><strong>\u00d6nnur dagskr\u00e1<\/strong><\/p>\n\n\n\n<p><strong>F\u00f6studagur 19. apr\u00edl<\/strong><\/p>\n\n\n\n<p>11:30 \u2013 H\u00e1degisver\u00f0ur.<br>12:30 \u2013 Fundur hefst.<br>16:00 \u2013 Fundi fresta\u00f0 og nefndarst\u00f6rf hefjast.<br>17:15 \u2013 Dagskr\u00e1 \u00ed bo\u00f0i heimamanna.<br>20:00 \u2013 Kv\u00f6ldver\u00f0ur.<\/p>\n\n\n\n<p><strong>Laugardagur 20. apr\u00edl<\/strong><\/p>\n\n\n\n<p>08:30 \u2013 Morgunver\u00f0ur og nefndarst\u00f6rfum haldi\u00f0 \u00e1fram.<br>10:00 \u2013 Fundi haldi\u00f0 \u00e1fram.<br>12:00 \u2013 Fundi sliti\u00f0.<br>12:00 \u2013 H\u00e1degisver\u00f0ur.<br>13:00 \u2013 Brottf\u00f6r.<\/p>\n\n\n\n<p>Vir\u00f0ingarfyllst,<br>f.h. stj\u00f3rnar Landssambands vei\u00f0if\u00e9laga,<\/p>\n\n\n\n<p>Gunnar \u00d6rn Petersen,<br>framkv\u00e6mdastj\u00f3ri<\/p>\n\n\n\n<figure class=\"wp-block-image size-large\"><img loading=\"lazy\" width=\"1024\" height=\"575\" src=\"https:\/\/angling.is\/wp-content\/uploads\/2024\/03\/Hu\u0301safell-1024x575.jpeg\" alt=\"Hu\u0301safell\" class=\"wp-image-12149\" srcset=\"https:\/\/angling.is\/wp-content\/uploads\/2024\/03\/Hu\u0301safell-1024x575.jpeg 1024w, https:\/\/angling.is\/wp-content\/uploads\/2024\/03\/Hu\u0301safell-300x169.jpeg 300w, https:\/\/angling.is\/wp-content\/uploads\/2024\/03\/Hu\u0301safell-768x432.jpeg 768w, https:\/\/angling.is\/wp-content\/uploads\/2024\/03\/Hu\u0301safell-1536x863.jpeg 1536w, https:\/\/angling.is\/wp-content\/uploads\/2024\/03\/Hu\u0301safell-16x9.jpeg 16w, https:\/\/angling.is\/wp-content\/uploads\/2024\/03\/Hu\u0301safell-150x84.jpeg 150w, https:\/\/angling.is\/wp-content\/uploads\/2024\/03\/Hu\u0301safell-500x281.jpeg 500w, https:\/\/angling.is\/wp-content\/uploads\/2024\/03\/Hu\u0301safell.jpeg 1920w\" sizes=\"(max-width: 1024px) 100vw, 1024px\" \/><figcaption>H\u00f3tel H\u00fasafell. <em>Mynd: husafell.com<\/em><\/figcaption><\/figure>","protected":false},"excerpt":{"rendered":"<p>A\u00f0alfundur Landssambands vei\u00f0if\u00e9laga (LV) ver\u00f0ur haldinn 19. og 20. apr\u00edl 2024, a\u00f0 H\u00f3tel H\u00fasafelli, og hefst dagskr\u00e1 kl. 11:30 f\u00f6studaginn 19. apr\u00edl. \u00de\u00e1tttaka \u00e1 a\u00f0alfundi Samkv\u00e6mt 5. gr. sam\u00feykkta LV hefur hvert a\u00f0ildarf\u00e9lag r\u00e9tt til a\u00f0 senda einn fulltr\u00faa \u00e1 a\u00f0alfundinn fyrir hverja 40 f\u00e9laga e\u00f0a f\u00e6rri og einn fyrir brot af \u00feeirri t\u00f6lu, sem [&hellip;]<\/p>","protected":false},"author":8,"featured_media":0,"comment_status":"closed","ping_status":"closed","sticky":false,"template":"","format":"standard","meta":{"om_disable_all_campaigns":false,"_mi_skip_tracking":false},"categories":[43,8],"tags":[],"_links":{"self":[{"href":"https:\/\/angling.is\/en\/wp-json\/wp\/v2\/posts\/12148"}],"collection":[{"href":"https:\/\/angling.is\/en\/wp-json\/wp\/v2\/posts"}],"about":[{"href":"https:\/\/angling.is\/en\/wp-json\/wp\/v2\/types\/post"}],"author":[{"embeddable":true,"href":"https:\/\/angling.is\/en\/wp-json\/wp\/v2\/users\/8"}],"replies":[{"embeddable":true,"href":"https:\/\/angling.is\/en\/wp-json\/wp\/v2\/comments?post=12148"}],"version-history":[{"count":2,"href":"https:\/\/angling.is\/en\/wp-json\/wp\/v2\/posts\/12148\/revisions"}],"predecessor-version":[{"id":12152,"href":"https:\/\/angling.is\/en\/wp-json\/wp\/v2\/posts\/12148\/revisions\/12152"}],"wp:attachment":[{"href":"https:\/\/angling.is\/en\/wp-json\/wp\/v2\/media?parent=12148"}],"wp:term":[{"taxonomy":"category","embeddable":true,"href":"https:\/\/angling.is\/en\/wp-json\/wp\/v2\/categories?post=12148"},{"taxonomy":"post_tag","embeddable":true,"href":"https:\/\/angling.is\/en\/wp-json\/wp\/v2\/tags?post=12148"}],"curies":[{"name":"wp","href":"https:\/\/api.w.org\/{rel}","templated":true}]}}